{"id":1075,"date":"2025-10-31T11:56:06","date_gmt":"2025-10-31T10:56:06","guid":{"rendered":"https:\/\/nineta.com\/?p=1075"},"modified":"2025-11-03T19:49:52","modified_gmt":"2025-11-03T18:49:52","slug":"nou-equipament-nineta-dhivern-de-nalini","status":"publish","type":"post","link":"https:\/\/nineta.com\/es\/nou-equipament-nineta-dhivern-de-nalini\/","title":{"rendered":"Nou equipament Nineta d&#8217;hivern de Nalini\u00a9"},"content":{"rendered":"[et_pb_section fb_built=&#8221;1&#8243; _builder_version=&#8221;4.16&#8243; custom_padding=&#8221;30px|||1px||&#8221; global_colors_info=&#8221;{}&#8221;][et_pb_row _builder_version=&#8221;4.16&#8243; background_size=&#8221;initial&#8221; background_position=&#8221;top_left&#8221; background_repeat=&#8221;repeat&#8221; custom_padding=&#8221;|||7px||&#8221; global_colors_info=&#8221;{}&#8221;][et_pb_column type=&#8221;4_4&#8243; _builder_version=&#8221;4.16&#8243; custom_padding=&#8221;|||&#8221; global_colors_info=&#8221;{}&#8221; custom_padding__hover=&#8221;|||&#8221;][et_pb_text _builder_version=&#8221;4.16&#8243; background_size=&#8221;initial&#8221; background_position=&#8221;top_left&#8221; background_repeat=&#8221;repeat&#8221; inline_fonts=&#8221;ABeeZee&#8221; global_colors_info=&#8221;{}&#8221;]<!-- divi:paragraph {\"style\":{\"elements\":{\"link\":{\"color\":{\"text\":\"var:preset|color|black\"}}}},\"textColor\":\"black\"} -->\n<p class=\"has-black-color has-text-color has-link-color\"><strong>Maillot m\u00e0niga llarga NALINI\u00a9 NINETA.<\/strong><\/p>\n<p class=\"has-black-color has-text-color has-link-color\">Teixit bi-esl\u00e0stic, bona transpiraci\u00f3 de la suor i humitat, coll alt, tres butxaques darrere amb relfector.<\/p>\n<p class=\"has-black-color has-text-color has-link-color\"><strong><\/strong><\/p>\n<p class=\"has-black-color has-text-color has-link-color\"><strong>Culotte llarg NALINI\u00a9 NINETA. <\/strong><\/p>\n<p class=\"has-black-color has-text-color has-link-color\">Teixit Super Roubaix bi-el\u00e0stic. Diversos panells cosits en costures planes de 4 fils.<\/p>\n<p class=\"has-black-color has-text-color has-link-color\">Rang de temperatura 5-10 graus<strong><\/strong><\/p>\n<p class=\"has-black-color has-text-color has-link-color\">Badana 120 densitat i 7 hores<\/p>\n<p class=\"has-black-color has-text-color has-link-color\"><strong><\/strong><\/p>\n<p class=\"has-black-color has-text-color has-link-color\"><strong>Jaqueta paravent NALINI\u00a9 NINETA.<\/strong><\/p>\n<p class=\"p1\"><span class=\"s1\">Una pe\u00e7a molt vers\u00e0til, \u00e9s un paravents, \u00e9s \u00faltima capa per a dies freds i que la temperatura despr\u00e9s augmenta, o baixada de ports. Columna de 10.000, repel\u00b7leix certa quantitat d&#8217;aigua, el\u00e0stic, coll alt, tres butxaques del darrere. Poc pes i volum insignificant&#8230;<\/span><\/p>\n<p>&nbsp;<\/p>\n<!-- \/divi:paragraph --><!-- divi:paragraph {\"style\":{\"elements\":{\"link\":{\"color\":{\"text\":\"var:preset|color|black\"}}}},\"textColor\":\"black\"} -->[\/et_pb_text][\/et_pb_column][\/et_pb_row][\/et_pb_section][et_pb_section fb_built=&#8221;1&#8243; _builder_version=&#8221;4.27.4&#8243; _module_preset=&#8221;default&#8221; global_colors_info=&#8221;{}&#8221;][et_pb_row column_structure=&#8221;1_4,1_4,1_4,1_4&#8243; _builder_version=&#8221;4.27.4&#8243; _module_preset=&#8221;default&#8221; global_colors_info=&#8221;{}&#8221;][et_pb_column type=&#8221;1_4&#8243; _builder_version=&#8221;4.27.4&#8243; _module_preset=&#8221;default&#8221; global_colors_info=&#8221;{}&#8221;][et_pb_image src=&#8221;https:\/\/nineta.com\/wp-content\/uploads\/2025\/10\/IMG_4143-225&#215;300.jpg&#8221; title_text=&#8221;IMG_4143&#8243; _builder_version=&#8221;4.27.4&#8243; _module_preset=&#8221;default&#8221; global_colors_info=&#8221;{}&#8221;][\/et_pb_image][\/et_pb_column][et_pb_column type=&#8221;1_4&#8243; _builder_version=&#8221;4.27.4&#8243; _module_preset=&#8221;default&#8221; global_colors_info=&#8221;{}&#8221;][et_pb_image src=&#8221;https:\/\/nineta.com\/wp-content\/uploads\/2025\/10\/IMG_4141-225&#215;300.jpg&#8221; _builder_version=&#8221;4.27.4&#8243; _module_preset=&#8221;default&#8221; title_text=&#8221;IMG_4141&#8243; hover_enabled=&#8221;0&#8243; sticky_enabled=&#8221;0&#8243;][\/et_pb_image][\/et_pb_column][et_pb_column type=&#8221;1_4&#8243; _builder_version=&#8221;4.27.4&#8243; _module_preset=&#8221;default&#8221; global_colors_info=&#8221;{}&#8221;][et_pb_image src=&#8221;https:\/\/nineta.com\/wp-content\/uploads\/2025\/10\/IMG_4125-scaled.jpg&#8221; _builder_version=&#8221;4.27.4&#8243; _module_preset=&#8221;default&#8221; title_text=&#8221;IMG_4125&#8243; hover_enabled=&#8221;0&#8243; sticky_enabled=&#8221;0&#8243;][\/et_pb_image][\/et_pb_column][et_pb_column type=&#8221;1_4&#8243; _builder_version=&#8221;4.27.4&#8243; _module_preset=&#8221;default&#8221; global_colors_info=&#8221;{}&#8221;][et_pb_image src=&#8221;https:\/\/nineta.com\/wp-content\/uploads\/2025\/10\/IMG_4145-scaled.jpg&#8221; _builder_version=&#8221;4.27.4&#8243; _module_preset=&#8221;default&#8221; title_text=&#8221;IMG_4145&#8243; hover_enabled=&#8221;0&#8243; sticky_enabled=&#8221;0&#8243;][\/et_pb_image][\/et_pb_column][\/et_pb_row][\/et_pb_section]","protected":false},"excerpt":{"rendered":"<p>Maillot m\u00e0niga llarga NALINI\u00a9 NINETA. Teixit bi-esl\u00e0stic, bona transpiraci\u00f3 de la suor i humitat, coll alt, tres butxaques darrere amb relfector. Culotte llarg NALINI\u00a9 NINETA. Teixit Super Roubaix bi-el\u00e0stic. Diversos panells cosits en costures planes de 4 fils. Rang de temperatura 5-10 graus Badana 120 densitat i 7 hores Jaqueta paravent NALINI\u00a9 NINETA. Una pe\u00e7a [&hellip;]<\/p>","protected":false},"author":1,"featured_media":1063,"comment_status":"closed","ping_status":"closed","sticky":false,"template":"","format":"standard","meta":{"_et_pb_use_builder":"on","_et_pb_old_content":"<!-- wp:paragraph {\"style\":{\"elements\":{\"link\":{\"color\":{\"text\":\"var:preset|color|black\"}}}},\"textColor\":\"black\"} -->\n<p class=\"has-black-color has-text-color has-link-color\">Aquestes s\u00f3n les caracter\u00edstiques principals de la trek supercaliber 2024:<\/p>\n<!-- \/wp:paragraph -->\n\n<!-- wp:paragraph {\"style\":{\"elements\":{\"link\":{\"color\":{\"text\":\"var:preset|color|black\"}}}},\"textColor\":\"black\"} -->\n<p class=\"has-black-color has-text-color has-link-color\">Quadre de carboni en dues versions, SLR i SL<br>80 mm de recorregut del darrere<br>\u00das de forquilla de 110 mm de recorregut<br>Sistema de suspensi\u00f3 IsoStrut<br>Amortidor creat en cooperaci\u00f3 amb RockShox<br>Nova geometria m\u00e9s llarga i relaxada<\/p>\n<!-- \/wp:paragraph -->\n\n<!-- wp:paragraph -->\n<p><\/p>\n<!-- \/wp:paragraph -->\n\n<!-- wp:paragraph -->\n<p><\/p>\n<!-- \/wp:paragraph -->\n\n<!-- wp:paragraph -->\n<p><\/p>\n<!-- \/wp:paragraph -->","_et_gb_content_width":"1080","footnotes":""},"categories":[21],"tags":[25,23,26,24,22],"class_list":["post-1075","post","type-post","status-publish","format-standard","has-post-thumbnail","hentry","category-roba","tag-cullotte","tag-equipament","tag-maillot","tag-nineta","tag-roba"],"yoast_head":"<!-- This site is optimized with the Yoast SEO plugin v26.6 - https:\/\/yoast.com\/wordpress\/plugins\/seo\/ -->\n<title>Nou equipament Nineta d&#039;hivern de Nalini\u00a9 - Bicicletes Nineta Moi\u00e0<\/title>\n<meta name=\"robots\" content=\"index, follow, max-snippet:-1, max-image-preview:large, max-video-preview:-1\" \/>\n<link rel=\"canonical\" href=\"https:\/\/nineta.com\/es\/nou-equipament-nineta-dhivern-de-nalini\/\" \/>\n<meta property=\"og:locale\" content=\"es_ES\" \/>\n<meta property=\"og:type\" content=\"article\" \/>\n<meta property=\"og:title\" content=\"Nou equipament Nineta d&#039;hivern de Nalini\u00a9 - Bicicletes Nineta Moi\u00e0\" \/>\n<meta property=\"og:description\" content=\"Maillot m\u00e0niga llarga NALINI\u00a9 NINETA. Teixit bi-esl\u00e0stic, bona transpiraci\u00f3 de la suor i humitat, coll alt, tres butxaques darrere amb relfector. Culotte llarg NALINI\u00a9 NINETA. Teixit Super Roubaix bi-el\u00e0stic. Diversos panells cosits en costures planes de 4 fils. Rang de temperatura 5-10 graus Badana 120 densitat i 7 hores Jaqueta paravent NALINI\u00a9 NINETA. Una pe\u00e7a [&hellip;]\" \/>\n<meta property=\"og:url\" content=\"https:\/\/nineta.com\/es\/nou-equipament-nineta-dhivern-de-nalini\/\" \/>\n<meta property=\"og:site_name\" content=\"Bicicletes Nineta Moi\u00e0\" \/>\n<meta property=\"article:published_time\" content=\"2025-10-31T10:56:06+00:00\" \/>\n<meta property=\"article:modified_time\" content=\"2025-11-03T18:49:52+00:00\" \/>\n<meta name=\"author\" content=\"2xjtr\" \/>\n<meta name=\"twitter:card\" content=\"summary_large_image\" \/>\n<meta name=\"twitter:label1\" content=\"Escrito por\" \/>\n\t<meta name=\"twitter:data1\" content=\"2xjtr\" \/>\n\t<meta name=\"twitter:label2\" content=\"Tiempo de lectura\" \/>\n\t<meta name=\"twitter:data2\" content=\"2 minutos\" \/>\n<script type=\"application\/ld+json\" class=\"yoast-schema-graph\">{\"@context\":\"https:\/\/schema.org\",\"@graph\":[{\"@type\":\"WebPage\",\"@id\":\"https:\/\/nineta.com\/nou-equipament-nineta-dhivern-de-nalini\/\",\"url\":\"https:\/\/nineta.com\/nou-equipament-nineta-dhivern-de-nalini\/\",\"name\":\"Nou equipament Nineta d'hivern de Nalini\u00a9 - Bicicletes Nineta Moi\u00e0\",\"isPartOf\":{\"@id\":\"https:\/\/nineta.com\/#website\"},\"primaryImageOfPage\":{\"@id\":\"https:\/\/nineta.com\/nou-equipament-nineta-dhivern-de-nalini\/#primaryimage\"},\"image\":{\"@id\":\"https:\/\/nineta.com\/nou-equipament-nineta-dhivern-de-nalini\/#primaryimage\"},\"thumbnailUrl\":\"https:\/\/nineta.com\/wp-content\/uploads\/2025\/10\/horitzontal-scaled.jpg\",\"datePublished\":\"2025-10-31T10:56:06+00:00\",\"dateModified\":\"2025-11-03T18:49:52+00:00\",\"author\":{\"@id\":\"https:\/\/nineta.com\/#\/schema\/person\/2dbf09dc3d700102fe80feccdec47d5d\"},\"breadcrumb\":{\"@id\":\"https:\/\/nineta.com\/nou-equipament-nineta-dhivern-de-nalini\/#breadcrumb\"},\"inLanguage\":\"es\",\"potentialAction\":[{\"@type\":\"ReadAction\",\"target\":[\"https:\/\/nineta.com\/nou-equipament-nineta-dhivern-de-nalini\/\"]}]},{\"@type\":\"ImageObject\",\"inLanguage\":\"es\",\"@id\":\"https:\/\/nineta.com\/nou-equipament-nineta-dhivern-de-nalini\/#primaryimage\",\"url\":\"https:\/\/nineta.com\/wp-content\/uploads\/2025\/10\/horitzontal-scaled.jpg\",\"contentUrl\":\"https:\/\/nineta.com\/wp-content\/uploads\/2025\/10\/horitzontal-scaled.jpg\",\"width\":2560,\"height\":1920},{\"@type\":\"BreadcrumbList\",\"@id\":\"https:\/\/nineta.com\/nou-equipament-nineta-dhivern-de-nalini\/#breadcrumb\",\"itemListElement\":[{\"@type\":\"ListItem\",\"position\":1,\"name\":\"Inici\",\"item\":\"https:\/\/nineta.com\/\"},{\"@type\":\"ListItem\",\"position\":2,\"name\":\"Nou equipament Nineta d&#8217;hivern de Nalini\u00a9\"}]},{\"@type\":\"WebSite\",\"@id\":\"https:\/\/nineta.com\/#website\",\"url\":\"https:\/\/nineta.com\/\",\"name\":\"Bicicletes Nineta Moi\u00e0\",\"description\":\"Taller de Bicicletes al Moian\u00e8s. Distribuidor Trek\",\"potentialAction\":[{\"@type\":\"SearchAction\",\"target\":{\"@type\":\"EntryPoint\",\"urlTemplate\":\"https:\/\/nineta.com\/?s={search_term_string}\"},\"query-input\":{\"@type\":\"PropertyValueSpecification\",\"valueRequired\":true,\"valueName\":\"search_term_string\"}}],\"inLanguage\":\"es\"},{\"@type\":\"Person\",\"@id\":\"https:\/\/nineta.com\/#\/schema\/person\/2dbf09dc3d700102fe80feccdec47d5d\",\"name\":\"2xjtr\",\"image\":{\"@type\":\"ImageObject\",\"inLanguage\":\"es\",\"@id\":\"https:\/\/nineta.com\/#\/schema\/person\/image\/\",\"url\":\"https:\/\/secure.gravatar.com\/avatar\/fc8dc465fc5655d5835b167d302f795f4159c4fcda9ac37ba7638b5c9114fd79?s=96&d=mm&r=g\",\"contentUrl\":\"https:\/\/secure.gravatar.com\/avatar\/fc8dc465fc5655d5835b167d302f795f4159c4fcda9ac37ba7638b5c9114fd79?s=96&d=mm&r=g\",\"caption\":\"2xjtr\"},\"sameAs\":[\"https:\/\/nineta.com\"],\"url\":\"https:\/\/nineta.com\/es\/author\/2xjtr\/\"}]}<\/script>\n<!-- \/ Yoast SEO plugin. -->","yoast_head_json":{"title":"Nou equipament Nineta d'hivern de Nalini\u00a9 - Bicicletes Nineta Moi\u00e0","robots":{"index":"index","follow":"follow","max-snippet":"max-snippet:-1","max-image-preview":"max-image-preview:large","max-video-preview":"max-video-preview:-1"},"canonical":"https:\/\/nineta.com\/es\/nou-equipament-nineta-dhivern-de-nalini\/","og_locale":"es_ES","og_type":"article","og_title":"Nou equipament Nineta d'hivern de Nalini\u00a9 - Bicicletes Nineta Moi\u00e0","og_description":"Maillot m\u00e0niga llarga NALINI\u00a9 NINETA. Teixit bi-esl\u00e0stic, bona transpiraci\u00f3 de la suor i humitat, coll alt, tres butxaques darrere amb relfector. Culotte llarg NALINI\u00a9 NINETA. Teixit Super Roubaix bi-el\u00e0stic. Diversos panells cosits en costures planes de 4 fils. Rang de temperatura 5-10 graus Badana 120 densitat i 7 hores Jaqueta paravent NALINI\u00a9 NINETA. Una pe\u00e7a [&hellip;]","og_url":"https:\/\/nineta.com\/es\/nou-equipament-nineta-dhivern-de-nalini\/","og_site_name":"Bicicletes Nineta Moi\u00e0","article_published_time":"2025-10-31T10:56:06+00:00","article_modified_time":"2025-11-03T18:49:52+00:00","author":"2xjtr","twitter_card":"summary_large_image","twitter_misc":{"Escrito por":"2xjtr","Tiempo de lectura":"2 minutos"},"schema":{"@context":"https:\/\/schema.org","@graph":[{"@type":"WebPage","@id":"https:\/\/nineta.com\/nou-equipament-nineta-dhivern-de-nalini\/","url":"https:\/\/nineta.com\/nou-equipament-nineta-dhivern-de-nalini\/","name":"Nou equipament Nineta d'hivern de Nalini\u00a9 - Bicicletes Nineta Moi\u00e0","isPartOf":{"@id":"https:\/\/nineta.com\/#website"},"primaryImageOfPage":{"@id":"https:\/\/nineta.com\/nou-equipament-nineta-dhivern-de-nalini\/#primaryimage"},"image":{"@id":"https:\/\/nineta.com\/nou-equipament-nineta-dhivern-de-nalini\/#primaryimage"},"thumbnailUrl":"https:\/\/nineta.com\/wp-content\/uploads\/2025\/10\/horitzontal-scaled.jpg","datePublished":"2025-10-31T10:56:06+00:00","dateModified":"2025-11-03T18:49:52+00:00","author":{"@id":"https:\/\/nineta.com\/#\/schema\/person\/2dbf09dc3d700102fe80feccdec47d5d"},"breadcrumb":{"@id":"https:\/\/nineta.com\/nou-equipament-nineta-dhivern-de-nalini\/#breadcrumb"},"inLanguage":"es","potentialAction":[{"@type":"ReadAction","target":["https:\/\/nineta.com\/nou-equipament-nineta-dhivern-de-nalini\/"]}]},{"@type":"ImageObject","inLanguage":"es","@id":"https:\/\/nineta.com\/nou-equipament-nineta-dhivern-de-nalini\/#primaryimage","url":"https:\/\/nineta.com\/wp-content\/uploads\/2025\/10\/horitzontal-scaled.jpg","contentUrl":"https:\/\/nineta.com\/wp-content\/uploads\/2025\/10\/horitzontal-scaled.jpg","width":2560,"height":1920},{"@type":"BreadcrumbList","@id":"https:\/\/nineta.com\/nou-equipament-nineta-dhivern-de-nalini\/#breadcrumb","itemListElement":[{"@type":"ListItem","position":1,"name":"Inici","item":"https:\/\/nineta.com\/"},{"@type":"ListItem","position":2,"name":"Nou equipament Nineta d&#8217;hivern de Nalini\u00a9"}]},{"@type":"WebSite","@id":"https:\/\/nineta.com\/#website","url":"https:\/\/nineta.com\/","name":"Bicicletes Nineta Moi\u00e0","description":"Taller de Bicicletes al Moian\u00e8s. Distribuidor Trek","potentialAction":[{"@type":"SearchAction","target":{"@type":"EntryPoint","urlTemplate":"https:\/\/nineta.com\/?s={search_term_string}"},"query-input":{"@type":"PropertyValueSpecification","valueRequired":true,"valueName":"search_term_string"}}],"inLanguage":"es"},{"@type":"Person","@id":"https:\/\/nineta.com\/#\/schema\/person\/2dbf09dc3d700102fe80feccdec47d5d","name":"2xjtr","image":{"@type":"ImageObject","inLanguage":"es","@id":"https:\/\/nineta.com\/#\/schema\/person\/image\/","url":"https:\/\/secure.gravatar.com\/avatar\/fc8dc465fc5655d5835b167d302f795f4159c4fcda9ac37ba7638b5c9114fd79?s=96&d=mm&r=g","contentUrl":"https:\/\/secure.gravatar.com\/avatar\/fc8dc465fc5655d5835b167d302f795f4159c4fcda9ac37ba7638b5c9114fd79?s=96&d=mm&r=g","caption":"2xjtr"},"sameAs":["https:\/\/nineta.com"],"url":"https:\/\/nineta.com\/es\/author\/2xjtr\/"}]}},"_links":{"self":[{"href":"https:\/\/nineta.com\/es\/wp-json\/wp\/v2\/posts\/1075","targetHints":{"allow":["GET"]}}],"collection":[{"href":"https:\/\/nineta.com\/es\/wp-json\/wp\/v2\/posts"}],"about":[{"href":"https:\/\/nineta.com\/es\/wp-json\/wp\/v2\/types\/post"}],"author":[{"embeddable":true,"href":"https:\/\/nineta.com\/es\/wp-json\/wp\/v2\/users\/1"}],"replies":[{"embeddable":true,"href":"https:\/\/nineta.com\/es\/wp-json\/wp\/v2\/comments?post=1075"}],"version-history":[{"count":16,"href":"https:\/\/nineta.com\/es\/wp-json\/wp\/v2\/posts\/1075\/revisions"}],"predecessor-version":[{"id":1110,"href":"https:\/\/nineta.com\/es\/wp-json\/wp\/v2\/posts\/1075\/revisions\/1110"}],"wp:featuredmedia":[{"embeddable":true,"href":"https:\/\/nineta.com\/es\/wp-json\/wp\/v2\/media\/1063"}],"wp:attachment":[{"href":"https:\/\/nineta.com\/es\/wp-json\/wp\/v2\/media?parent=1075"}],"wp:term":[{"taxonomy":"category","embeddable":true,"href":"https:\/\/nineta.com\/es\/wp-json\/wp\/v2\/categories?post=1075"},{"taxonomy":"post_tag","embeddable":true,"href":"https:\/\/nineta.com\/es\/wp-json\/wp\/v2\/tags?post=1075"}],"curies":[{"name":"wp","href":"https:\/\/api.w.org\/{rel}","templated":true}]}}